{"id":2582,"date":"2017-09-04T10:24:20","date_gmt":"2017-09-04T09:24:20","guid":{"rendered":"http:\/\/www.fremdiswalde.com\/?p=2582"},"modified":"2017-09-04T10:24:20","modified_gmt":"2017-09-04T09:24:20","slug":"unsere-nachtwanderung-2017","status":"publish","type":"post","link":"https:\/\/www.fremdiswalde.com\/?p=2582","title":{"rendered":"Unsere Nachtwanderung 2017"},"content":{"rendered":"<p style=\"text-align: justify;\"><a href=\"http:\/\/www.fremdiswalde.com\/wp-content\/uploads\/2017\/09\/Nachtwanderung17_3.jpg\"><img fetchpriority=\"high\" decoding=\"async\" class=\"alignleft size-medium wp-image-2587\" src=\"http:\/\/www.fremdiswalde.com\/wp-content\/uploads\/2017\/09\/Nachtwanderung17_3-200x300.jpg\" alt=\"Nachtwanderung17_3\" width=\"200\" height=\"300\" srcset=\"https:\/\/www.fremdiswalde.com\/wp-content\/uploads\/2017\/09\/Nachtwanderung17_3-200x300.jpg 200w, https:\/\/www.fremdiswalde.com\/wp-content\/uploads\/2017\/09\/Nachtwanderung17_3-768x1152.jpg 768w, https:\/\/www.fremdiswalde.com\/wp-content\/uploads\/2017\/09\/Nachtwanderung17_3-683x1024.jpg 683w, https:\/\/www.fremdiswalde.com\/wp-content\/uploads\/2017\/09\/Nachtwanderung17_3.jpg 800w\" sizes=\"(max-width: 200px) 100vw, 200px\" \/><\/a>Diesmal wurde die Nachtwanderung unter dem Motto \u201eTierisch, tierisch\u201c durchgef\u00fchrt. Um 20 Uhr trafen sich die \u00fcber 50 Teilnehmer auf dem Dorfplatz. Viele kamen in Kost\u00fcmen, sodass Schweine grunzten, Bienen summten, Hummeln brummten, M\u00e4use piepsten, K\u00fche muhten, Schmetterlinge schwirrten und andere originelle Tierfiguren auf die Suche nach dem ersten Anlaufpunkt gingen. Bei Petzolds wies ein Pfeil aus Kerzen zum Ziel. Hier konnten die Kinder die Zierfische im Teich f\u00fcttern und nach Lust und Laune den Hof mit Kreide bemalen, so dass zum Schluss ein h\u00fcbsches Bild mit Meeresbewohnern entstand. Alle st\u00e4rkten sich bei \u201eFettbemmen\u201c, sauren Gurken und Getr\u00e4nken. Unter anderem konnte der selbstgemachte \u201eFischeier-Lik\u00f6r\u201c probiert werden.<\/p>\n<p style=\"text-align: justify;\">Nun ging die Suche nach der zweiten Anlaufstelle weiter. Aber unsere pfiffigen Kinder hatten bald herausgefunden, dass bei der B\u00e4ckerei Zwischenstopp eingelegt wurde. Hier \u00fcberraschte uns (nat\u00fcrlich) ein\u00a0 Scha(a)f im Gatter &#8211; wenn auch nicht echt, so doch lustig anzusehen. Zur Bek\u00f6stigung haben die B\u00e4ckersleute leckere Schafe gebacken und dazu passend \u201eGr\u00fcne Wiese\u201c ausgeschenkt.<\/p>\n<p style=\"text-align: justify;\">Auf zur dritten Runde! Trotz versuchter Irref\u00fchrung durch die Organisatorin Andrea K\u00f6nig fand der fr\u00f6hliche Trupp bald heraus, dass bei Karichs Lichter zum Haus f\u00fchrten. Dass hier seit kurzem Bienen ihr Domizil haben, wussten alle. Auch hier konnte nach Herzenslust probiert werden. Silvia Karich hatte mehrere au\u00dfergew\u00f6hnliche Honigvarianten hergestellt, so z.B mit Minze, Erdbeeren und Brombeeren. K\u00f6stlicher Honigmet (f\u00fcr die Kinder nat\u00fcrlich alkoholfrei) war das dazu passende Getr\u00e4nk. Am Lagerfeuer wurde noch ein bisschen verweilt, ehe der Startschuss zum vierten tierischen Vergn\u00fcgen gegeben wurde.<\/p>\n<p style=\"text-align: justify;\">Durch Karichs Garten ging es auf den Weg und weiter Richtung Unterdorf. Auch hier wiesen uns Lichter den Weg und er endete bei der Familie Lichtenberger. Eine Kuh empfing uns hier und dazu passend gab es Quark als Dip mit M\u00f6hren und Gurken und Pina Colada als Getr\u00e4nk. Mmmmh, lecker!<\/p>\n<p style=\"text-align: justify;\">Nun ging es zur\u00fcck zum Dorfplatz und die Nachtwanderung wurde hier bei \u201eKaulquappenbowle aus der Launzige\u201c beendet. Die Kinder f\u00fchrten nach der Musik \u201eK\u00f6nig der L\u00f6wen\u201c einen kleinen Tanz auf.<\/p>\n<p>Allen Organisatoren, Helfern und Gastgebern dieser gelungenen Wanderung ein herzliches Dankesch\u00f6n, besonders an Andrea K\u00f6nig!<\/p>\n<p>Fazit: \u201eGerne wieder!\u201c<\/p>\n<p>Viele Gr\u00fc\u00dfe<\/p>\n<p>Maritta Petzold<\/p>\n<p>Die Bilder vom Abend findet Ihr wieder in der Mediathek bwz. direkt <a href=\"http:\/\/www.fremdiswalde.com\/?page_id=2584\" target=\"_blank\">hier!<\/a><\/p>\n","protected":false},"excerpt":{"rendered":"<p>Diesmal wurde die Nachtwanderung unter dem Motto \u201eTierisch, tierisch\u201c durchgef\u00fchrt. Um 20 Uhr trafen sich die \u00fcber 50 Teilnehmer auf dem Dorfplatz. Viele kamen in&hellip;<\/p>\n","protected":false},"author":1,"featured_media":0,"comment_status":"closed","ping_status":"open","sticky":false,"template":"","format":"standard","meta":{"two_page_speed":[],"footnotes":""},"categories":[1],"tags":[],"class_list":["post-2582","post","type-post","status-publish","format-standard","hentry","category-allgemein"],"publishpress_future_action":{"enabled":false,"date":"2026-05-06 01:47:51","action":"change-status","newStatus":"draft","terms":[],"taxonomy":"category","extraData":[]},"publishpress_future_workflow_manual_trigger":{"enabledWorkflows":[]},"_links":{"self":[{"href":"https:\/\/www.fremdiswalde.com\/index.php?rest_route=\/wp\/v2\/posts\/2582","targetHints":{"allow":["GET"]}}],"collection":[{"href":"https:\/\/www.fremdiswalde.com\/index.php?rest_route=\/wp\/v2\/posts"}],"about":[{"href":"https:\/\/www.fremdiswalde.com\/index.php?rest_route=\/wp\/v2\/types\/post"}],"author":[{"embeddable":true,"href":"https:\/\/www.fremdiswalde.com\/index.php?rest_route=\/wp\/v2\/users\/1"}],"replies":[{"embeddable":true,"href":"https:\/\/www.fremdiswalde.com\/index.php?rest_route=%2Fwp%2Fv2%2Fcomments&post=2582"}],"version-history":[{"count":0,"href":"https:\/\/www.fremdiswalde.com\/index.php?rest_route=\/wp\/v2\/posts\/2582\/revisions"}],"wp:attachment":[{"href":"https:\/\/www.fremdiswalde.com\/index.php?rest_route=%2Fwp%2Fv2%2Fmedia&parent=2582"}],"wp:term":[{"taxonomy":"category","embeddable":true,"href":"https:\/\/www.fremdiswalde.com\/index.php?rest_route=%2Fwp%2Fv2%2Fcategories&post=2582"},{"taxonomy":"post_tag","embeddable":true,"href":"https:\/\/www.fremdiswalde.com\/index.php?rest_route=%2Fwp%2Fv2%2Ftags&post=2582"}],"curies":[{"name":"wp","href":"https:\/\/api.w.org\/{rel}","templated":true}]}}