{"id":2016,"date":"2015-12-16T08:46:03","date_gmt":"2015-12-16T07:46:03","guid":{"rendered":"http:\/\/www.fremdiswalde.com\/?p=2016"},"modified":"2015-12-16T08:46:03","modified_gmt":"2015-12-16T07:46:03","slug":"unsere-weihnachstfeier","status":"publish","type":"post","link":"https:\/\/www.fremdiswalde.com\/?p=2016","title":{"rendered":"Unsere Weihnachstfeier"},"content":{"rendered":"<p><a href=\"http:\/\/www.fremdiswalde.com\/wp-content\/uploads\/2015\/12\/DSC04304.jpg\"><img fetchpriority=\"high\" decoding=\"async\" class=\"alignleft wp-image-2017 size-medium\" src=\"http:\/\/www.fremdiswalde.com\/wp-content\/uploads\/2015\/12\/DSC04304-300x169.jpg\" alt=\"\" width=\"300\" height=\"169\" srcset=\"https:\/\/www.fremdiswalde.com\/wp-content\/uploads\/2015\/12\/DSC04304-300x169.jpg 300w, https:\/\/www.fremdiswalde.com\/wp-content\/uploads\/2015\/12\/DSC04304-1024x575.jpg 1024w, https:\/\/www.fremdiswalde.com\/wp-content\/uploads\/2015\/12\/DSC04304-900x506.jpg 900w\" sizes=\"(max-width: 300px) 100vw, 300px\" \/><\/a>\u00a0&#8222;Unn der a\u00df f\u00fcmfunnzwansch Gardofflgl\u00f6che unn das Aas l\u00e4bd heide noch &#8230;.&#8220;<\/p>\n<p style=\"text-align: justify;\">So \u00e4hnlich h\u00f6rte es sich an, als die Putzfrau Agadzsche (Akazie) den Fremdiswalder Saal am 25. November 2015 zur Weihnachtsfeier des Fremdiswalder Heimatvereins enterte. Doch bevor sie das nach 48 Ehejahren zu ihrem Klaus sagen konnte, mussten erst einige andere &#8222;Ehem\u00e4nner&#8220; ihre Gardofflgl\u00f6che probieren. Zur St\u00e4rkung f\u00fcr alle G\u00e4ste gab es leider keine Kartoffelkl\u00f6\u00dfe, aber daf\u00fcr Kartoffelsalat und Wiener. Als dann auch noch Weihnachtsmann und Weihnachtsfrau im Doppelpack auftauchten, war das kulturelle Rahmenprogramm fast perfekt.\u00a0 In ihren S\u00e4cken hatten beide f\u00fcr jede Untergruppe des Heimatvereins eine besondere Herausforderung: N\u00e4mlich einen Beitrag zum geplanten &#8222;Talentewettbewerb&#8220; des Fremdiswalder Dorffestes im n\u00e4chsten Jahr am 2. Juli. Man darf schon sehr darauf gespannt sein! Der akustische H\u00f6hepunkt des Abends war allerdings &#8222;unser&#8220; M\u00e4nnerchor,\u00a0 der mit allerhand weihnachtlichen Liedern eine festliche Stimmung verbreitete und zum Mitsingen einlud. Das Fazit des stimmungsvollen Abends war: Wer der Einladung zur Weihnachtsfeier nicht gefolgt ist,\u00a0der hat einen am\u00fcsanten, kurzweiligen und geselligen Abend verpasst.<\/p>\n<p><a href=\"http:\/\/www.fremdiswalde.com\/wp-content\/uploads\/2015\/12\/DSC04366.jpg\"><img decoding=\"async\" class=\"size-medium wp-image-2018\" src=\"http:\/\/www.fremdiswalde.com\/wp-content\/uploads\/2015\/12\/DSC04366-300x169.jpg\" alt=\"Mittwoch, 25. November 2015  22:59:56 NEX-5R nicht verwendet 18 mm 1\/20 3,5 3200|hardcopy|2015\/12\/16 08:34:41 tgruend DE3DV88\" width=\"300\" height=\"169\" srcset=\"https:\/\/www.fremdiswalde.com\/wp-content\/uploads\/2015\/12\/DSC04366-300x169.jpg 300w, https:\/\/www.fremdiswalde.com\/wp-content\/uploads\/2015\/12\/DSC04366-1024x575.jpg 1024w, https:\/\/www.fremdiswalde.com\/wp-content\/uploads\/2015\/12\/DSC04366-900x506.jpg 900w\" sizes=\"(max-width: 300px) 100vw, 300px\" \/><\/a><a href=\"http:\/\/www.fremdiswalde.com\/wp-content\/uploads\/2015\/12\/DSC04378.jpg\"><img decoding=\"async\" class=\"size-medium wp-image-2019 alignright\" src=\"http:\/\/www.fremdiswalde.com\/wp-content\/uploads\/2015\/12\/DSC04378-300x169.jpg\" alt=\"Mittwoch, 25. November 2015  23:38:35 NEX-5R verwendet 32 mm 1\/80 4 800|hardcopy|2015\/12\/16 08:34:42 tgruend DE3DV88\" width=\"300\" height=\"169\" srcset=\"https:\/\/www.fremdiswalde.com\/wp-content\/uploads\/2015\/12\/DSC04378-300x169.jpg 300w, https:\/\/www.fremdiswalde.com\/wp-content\/uploads\/2015\/12\/DSC04378-1024x575.jpg 1024w, https:\/\/www.fremdiswalde.com\/wp-content\/uploads\/2015\/12\/DSC04378-900x506.jpg 900w\" sizes=\"(max-width: 300px) 100vw, 300px\" \/><\/a><\/p>\n<p>Viele Gr\u00fc\u00dfe<\/p>\n<p>Corina Lichtenberger<\/p>\n","protected":false},"excerpt":{"rendered":"<p>\u00a0&#8222;Unn der a\u00df f\u00fcmfunnzwansch Gardofflgl\u00f6che unn das Aas l\u00e4bd heide noch &#8230;.&#8220; So \u00e4hnlich h\u00f6rte es sich an, als die Putzfrau Agadzsche (Akazie) den Fremdiswalder&hellip;<\/p>\n","protected":false},"author":1,"featured_media":0,"comment_status":"closed","ping_status":"closed","sticky":false,"template":"","format":"standard","meta":{"two_page_speed":[],"footnotes":""},"categories":[1],"tags":[],"class_list":["post-2016","post","type-post","status-publish","format-standard","hentry","category-allgemein"],"publishpress_future_action":{"enabled":false,"date":"2026-05-06 01:47:53","action":"change-status","newStatus":"draft","terms":[],"taxonomy":"category","extraData":[]},"publishpress_future_workflow_manual_trigger":{"enabledWorkflows":[]},"_links":{"self":[{"href":"https:\/\/www.fremdiswalde.com\/index.php?rest_route=\/wp\/v2\/posts\/2016","targetHints":{"allow":["GET"]}}],"collection":[{"href":"https:\/\/www.fremdiswalde.com\/index.php?rest_route=\/wp\/v2\/posts"}],"about":[{"href":"https:\/\/www.fremdiswalde.com\/index.php?rest_route=\/wp\/v2\/types\/post"}],"author":[{"embeddable":true,"href":"https:\/\/www.fremdiswalde.com\/index.php?rest_route=\/wp\/v2\/users\/1"}],"replies":[{"embeddable":true,"href":"https:\/\/www.fremdiswalde.com\/index.php?rest_route=%2Fwp%2Fv2%2Fcomments&post=2016"}],"version-history":[{"count":0,"href":"https:\/\/www.fremdiswalde.com\/index.php?rest_route=\/wp\/v2\/posts\/2016\/revisions"}],"wp:attachment":[{"href":"https:\/\/www.fremdiswalde.com\/index.php?rest_route=%2Fwp%2Fv2%2Fmedia&parent=2016"}],"wp:term":[{"taxonomy":"category","embeddable":true,"href":"https:\/\/www.fremdiswalde.com\/index.php?rest_route=%2Fwp%2Fv2%2Fcategories&post=2016"},{"taxonomy":"post_tag","embeddable":true,"href":"https:\/\/www.fremdiswalde.com\/index.php?rest_route=%2Fwp%2Fv2%2Ftags&post=2016"}],"curies":[{"name":"wp","href":"https:\/\/api.w.org\/{rel}","templated":true}]}}